{"id":13344,"date":"2018-05-12T13:47:43","date_gmt":"2018-05-12T13:47:43","guid":{"rendered":"http:\/\/www.pascalcatel.com\/photos\/?p=13344"},"modified":"2018-05-12T15:43:55","modified_gmt":"2018-05-12T15:43:55","slug":"armada-rouen-2013","status":"publish","type":"post","link":"https:\/\/www.pascalcatel.com\/photos\/?p=13344","title":{"rendered":"ARMADA ROUEN 2013"},"content":{"rendered":"Vous devez \u00eatre connect\u00e9 pour voir ce contenu.","protected":false},"excerpt":{"rendered":"Vous devez \u00eatre connect\u00e9 pour voir ce contenu.","protected":false},"author":1,"featured_media":13346,"comment_status":"open","ping_status":"open","sticky":false,"template":"","format":"standard","meta":{"ngg_post_thumbnail":0,"footnotes":""},"categories":[7],"tags":[],"class_list":["post-13344","post","type-post","status-publish","format-standard","has-post-thumbnail","hentry","category-week-end"],"_links":{"self":[{"href":"https:\/\/www.pascalcatel.com\/photos\/index.php?rest_route=\/wp\/v2\/posts\/13344","targetHints":{"allow":["GET"]}}],"collection":[{"href":"https:\/\/www.pascalcatel.com\/photos\/index.php?rest_route=\/wp\/v2\/posts"}],"about":[{"href":"https:\/\/www.pascalcatel.com\/photos\/index.php?rest_route=\/wp\/v2\/types\/post"}],"author":[{"embeddable":true,"href":"https:\/\/www.pascalcatel.com\/photos\/index.php?rest_route=\/wp\/v2\/users\/1"}],"replies":[{"embeddable":true,"href":"https:\/\/www.pascalcatel.com\/photos\/index.php?rest_route=%2Fwp%2Fv2%2Fcomments&post=13344"}],"version-history":[{"count":2,"href":"https:\/\/www.pascalcatel.com\/photos\/index.php?rest_route=\/wp\/v2\/posts\/13344\/revisions"}],"predecessor-version":[{"id":13347,"href":"https:\/\/www.pascalcatel.com\/photos\/index.php?rest_route=\/wp\/v2\/posts\/13344\/revisions\/13347"}],"wp:featuredmedia":[{"embeddable":true,"href":"https:\/\/www.pascalcatel.com\/photos\/index.php?rest_route=\/wp\/v2\/media\/13346"}],"wp:attachment":[{"href":"https:\/\/www.pascalcatel.com\/photos\/index.php?rest_route=%2Fwp%2Fv2%2Fmedia&parent=13344"}],"wp:term":[{"taxonomy":"category","embeddable":true,"href":"https:\/\/www.pascalcatel.com\/photos\/index.php?rest_route=%2Fwp%2Fv2%2Fcategories&post=13344"},{"taxonomy":"post_tag","embeddable":true,"href":"https:\/\/www.pascalcatel.com\/photos\/index.php?rest_route=%2Fwp%2Fv2%2Ftags&post=13344"}],"curies":[{"name":"wp","href":"https:\/\/api.w.org\/{rel}","templated":true}]}}